{"id":1448,"date":"2021-01-27T10:59:45","date_gmt":"2021-01-27T10:59:45","guid":{"rendered":"http:\/\/cannadaily.news\/?p=1448"},"modified":"2021-01-27T10:59:47","modified_gmt":"2021-01-27T10:59:47","slug":"the-new-amsterdam-skopje-and-ohrid","status":"publish","type":"post","link":"https:\/\/cannadaily.news\/es\/the-new-amsterdam-skopje-and-ohrid\/","title":{"rendered":"El nuevo \u00c1msterdam: Skopje y Ohrid"},"content":{"rendered":"<p class=\"has-text-align-center\">Tras la reciente aprobaci\u00f3n en muchos pa\u00edses de los Balcanes y el este de Europa del uso del cannabis con fines m\u00e9dicos y la reclasificaci\u00f3n como \u201copi\u00e1ceos menos peligrosos\u201d hecha por las Naciones Unidas, el primer ministro de Macedonia del Norte, <a href=\"https:\/\/en.wikipedia.org\/wiki\/Zoran_Zaev\" target=\"_blank\" rel=\"noreferrer noopener\">Zoran Zaev<\/a>, ha revelado sus intenciones de convertir las dos ciudades m\u00e1s importantes del pa\u00eds, Skopie y Ohrid, en el nuevo \u201c\u00c1msterdam de los Balcanes\u201d.<\/p>\n\n\n\n<p class=\"has-text-align-center\">El siguiente paso que tomar\u00e1 Zev en el camino de la legalizaci\u00f3n del cannabis ser\u00e1 la aprobaci\u00f3n del uso recreativo del cannabis, permitiendo su comercio en los coffeeshops.<\/p>\n\n\n\n<div class=\"wp-block-image\"><figure class=\"aligncenter size-large\"><img width=\"700\" height=\"394\" src=\"http:\/\/cannadaily.news\/wp-content\/uploads\/2021\/01\/50851326_401.jpg\" alt=\"the new Amsterdam\" class=\"wp-image-1456\" srcset=\"https:\/\/cannadaily.news\/wp-content\/uploads\/2021\/01\/50851326_401.jpg 700w, https:\/\/cannadaily.news\/wp-content\/uploads\/2021\/01\/50851326_401-300x169.jpg 300w, https:\/\/cannadaily.news\/wp-content\/uploads\/2021\/01\/50851326_401-16x9.jpg 16w, https:\/\/cannadaily.news\/wp-content\/uploads\/2021\/01\/50851326_401-24x14.jpg 24w, https:\/\/cannadaily.news\/wp-content\/uploads\/2021\/01\/50851326_401-36x20.jpg 36w, https:\/\/cannadaily.news\/wp-content\/uploads\/2021\/01\/50851326_401-48x27.jpg 48w\" sizes=\"(max-width: 700px) 100vw, 700px\" \/><\/figure><\/div>\n\n\n\n<h2 class=\"has-text-align-center\">No todo el mundo quiere un nuevo \u00c1msterdam<\/h2>\n\n\n\n<p class=\"has-text-align-center\">Macedonia ya cuenta con 57 plantas de producci\u00f3n de marihuana y se comenta que Zaev posee participaciones (rentables) en una empresa de producci\u00f3n de cannabis. Uno de los argumentos que ponen en tela de juicio sus principales opositores, la extrema derecha del pa\u00eds, con Vlatko Gjorcev, l\u00edder de IMRO, como abanderado. Adem\u00e1s tambi\u00e9n alertan de los posibles efectos adversos que podr\u00eda tener el uso recreativo del cannabis en la salud f\u00edsica y mental de la naci\u00f3n.<\/p>\n\n\n\n<div class=\"wp-block-image\"><figure class=\"aligncenter size-large\"><img width=\"639\" height=\"396\" src=\"http:\/\/cannadaily.news\/wp-content\/uploads\/2021\/01\/r.jpg\" alt=\"the new Amsterdam\" class=\"wp-image-1452\" srcset=\"https:\/\/cannadaily.news\/wp-content\/uploads\/2021\/01\/r.jpg 639w, https:\/\/cannadaily.news\/wp-content\/uploads\/2021\/01\/r-300x186.jpg 300w, https:\/\/cannadaily.news\/wp-content\/uploads\/2021\/01\/r-16x10.jpg 16w, https:\/\/cannadaily.news\/wp-content\/uploads\/2021\/01\/r-24x15.jpg 24w, https:\/\/cannadaily.news\/wp-content\/uploads\/2021\/01\/r-36x22.jpg 36w, https:\/\/cannadaily.news\/wp-content\/uploads\/2021\/01\/r-48x30.jpg 48w\" sizes=\"(max-width: 639px) 100vw, 639px\" \/><\/figure><\/div>\n\n\n\n<p class=\"has-text-align-center\">El plan se anuncia con dos prop\u00f3sitos principales: como una medida para abrir nuevas v\u00edas de negocio que reduzcan las ganancias y ayuden a controlar el mercado negro. Y en segundo lugar, se plantea como un est\u00edmulo para fomentar el turismo, teniendo en cuenta que diversos estudios apuntan que el turismo orientado al consumo de drogas va a escalar posiciones en los pr\u00f3ximos a\u00f1os.<\/p>\n\n\n\n<p class=\"has-text-align-center\">Como confiesa el mismo Zev, tomar el testigo de \u00c1msterdam y cubrir el vac\u00edo de mercado que parece que va a ceder la capital de la marihuana por antonomasia, ya que el Ayuntamiento de la ciudad ha presentado un proyecto para prohibir la entrada de los <a href=\"https:\/\/cannadaily.news\/amsterdam-or-amster-ban-thats-the-question\/\" target=\"_blank\" rel=\"noreferrer noopener\">turistas<\/a> a los coffeeshops.<\/p>\n\n\n\n<div class=\"wp-block-image\"><figure class=\"aligncenter size-large\"><img width=\"700\" height=\"466\" src=\"http:\/\/cannadaily.news\/wp-content\/uploads\/2021\/01\/kanbis-fabrika-700x466.jpg\" alt=\"the new Amsterdam\" class=\"wp-image-1453\" srcset=\"https:\/\/cannadaily.news\/wp-content\/uploads\/2021\/01\/kanbis-fabrika-700x466.jpg 700w, https:\/\/cannadaily.news\/wp-content\/uploads\/2021\/01\/kanbis-fabrika-300x200.jpg 300w, https:\/\/cannadaily.news\/wp-content\/uploads\/2021\/01\/kanbis-fabrika-768x512.jpg 768w, https:\/\/cannadaily.news\/wp-content\/uploads\/2021\/01\/kanbis-fabrika-16x12.jpg 16w, https:\/\/cannadaily.news\/wp-content\/uploads\/2021\/01\/kanbis-fabrika-24x16.jpg 24w, https:\/\/cannadaily.news\/wp-content\/uploads\/2021\/01\/kanbis-fabrika-36x24.jpg 36w, https:\/\/cannadaily.news\/wp-content\/uploads\/2021\/01\/kanbis-fabrika-48x32.jpg 48w, https:\/\/cannadaily.news\/wp-content\/uploads\/2021\/01\/kanbis-fabrika.jpg 1280w\" sizes=\"(max-width: 700px) 100vw, 700px\" \/><\/figure><\/div>\n\n\n\n<p class=\"has-text-align-center\">Precisamente \u2014tal como informamos en un art\u00edculo la semana pasada\u2014 Femke Halsema, alcaldesa de la ciudad y l\u00edder de la reforma, fij\u00f3 la meta de frenar el turismo juvenil enfocado a las drogas y atraer un p\u00fablico de m\u00e1s alto poder adquisitivo a los que ofrecer otro tipo de reclamos. Ahora es Macedonia quien toma la delantera con Zoran Zev al frente para ampliar las fronteras de una naci\u00f3n que pretende difuminar las mismas con el humo de la pipa de la paz.<\/p>\n\n\n\n<div class=\"wp-block-image\"><figure class=\"aligncenter size-large\"><img width=\"700\" height=\"394\" src=\"http:\/\/cannadaily.news\/wp-content\/uploads\/2021\/01\/114592014-700x394.jpg\" alt=\"the new Amsterdam\" class=\"wp-image-1455\" srcset=\"https:\/\/cannadaily.news\/wp-content\/uploads\/2021\/01\/114592014-700x394.jpg 700w, https:\/\/cannadaily.news\/wp-content\/uploads\/2021\/01\/114592014-300x169.jpg 300w, https:\/\/cannadaily.news\/wp-content\/uploads\/2021\/01\/114592014-768x432.jpg 768w, https:\/\/cannadaily.news\/wp-content\/uploads\/2021\/01\/114592014-16x9.jpg 16w, https:\/\/cannadaily.news\/wp-content\/uploads\/2021\/01\/114592014-24x14.jpg 24w, https:\/\/cannadaily.news\/wp-content\/uploads\/2021\/01\/114592014-36x20.jpg 36w, https:\/\/cannadaily.news\/wp-content\/uploads\/2021\/01\/114592014-48x27.jpg 48w, https:\/\/cannadaily.news\/wp-content\/uploads\/2021\/01\/114592014.jpg 1024w\" sizes=\"(max-width: 700px) 100vw, 700px\" \/><\/figure><\/div>","protected":false},"excerpt":{"rendered":"<p>Following the recent approval in many countries of the Balkans and Eastern Europe of the use of cannabis for medical purposes and the reclassification&#8230;<\/p>","protected":false},"author":1,"featured_media":1450,"comment_status":"open","ping_status":"open","sticky":false,"template":"","format":"standard","meta":[],"categories":[78],"tags":[224,17,613,614,612,616,615,617],"gutentor_comment":321,"yoast_head":"<!-- This site is optimized with the Yoast SEO plugin v17.8 - https:\/\/yoast.com\/wordpress\/plugins\/seo\/ -->\n<title>The new Amsterdam: Skopje and Ohrid - CannaDaily<\/title>\n<meta name=\"description\" content=\"North Macedonia Prime Minister, Zoran Zev, has revealed his intentions to turn Skopje and Ohrid, into the new \u201cAmsterdam of the Balkans\u201d.\" \/>\n<meta name=\"robots\" content=\"index, follow, max-snippet:-1, max-image-preview:large, max-video-preview:-1\" \/>\n<link rel=\"canonical\" href=\"http:\/\/cannadaily.news\/es\/the-new-amsterdam-skopje-and-ohrid\/\" \/>\n<meta property=\"og:locale\" content=\"es_ES\" \/>\n<meta property=\"og:type\" content=\"article\" \/>\n<meta property=\"og:title\" content=\"The new Amsterdam: Skopje and Ohrid - CannaDaily\" \/>\n<meta property=\"og:description\" content=\"North Macedonia Prime Minister, Zoran Zev, has revealed his intentions to turn Skopje and Ohrid, into the new \u201cAmsterdam of the Balkans\u201d.\" \/>\n<meta property=\"og:url\" content=\"http:\/\/cannadaily.news\/es\/the-new-amsterdam-skopje-and-ohrid\/\" \/>\n<meta property=\"og:site_name\" content=\"CannaDaily\" \/>\n<meta property=\"article:published_time\" content=\"2021-01-27T10:59:45+00:00\" \/>\n<meta property=\"article:modified_time\" content=\"2021-01-27T10:59:47+00:00\" \/>\n<meta property=\"og:image\" content=\"http:\/\/cannadaily.news\/wp-content\/uploads\/2021\/01\/image-H9-Macedonia-IH-2029-696x392-1.jpg\" \/>\n\t<meta property=\"og:image:width\" content=\"696\" \/>\n\t<meta property=\"og:image:height\" content=\"392\" \/>\n<meta name=\"twitter:card\" content=\"summary_large_image\" \/>\n<meta name=\"twitter:label1\" content=\"Escrito por\" \/>\n\t<meta name=\"twitter:data1\" content=\"Cannadaily Writer\" \/>\n\t<meta name=\"twitter:label2\" content=\"Tiempo de lectura\" \/>\n\t<meta name=\"twitter:data2\" content=\"3 minutos\" \/>\n<script type=\"application\/ld+json\" class=\"yoast-schema-graph\">{\"@context\":\"https:\/\/schema.org\",\"@graph\":[{\"@type\":\"WebSite\",\"@id\":\"http:\/\/cannadaily.news\/fr\/#website\",\"url\":\"http:\/\/cannadaily.news\/fr\/\",\"name\":\"CannaDaily\",\"description\":\"&quot;All the News That Fit the High&quot;\",\"potentialAction\":[{\"@type\":\"SearchAction\",\"target\":{\"@type\":\"EntryPoint\",\"urlTemplate\":\"http:\/\/cannadaily.news\/fr\/?s={search_term_string}\"},\"query-input\":\"required name=search_term_string\"}],\"inLanguage\":\"es\"},{\"@type\":\"ImageObject\",\"@id\":\"http:\/\/cannadaily.news\/fr\/the-new-amsterdam-skopje-and-ohrid\/#primaryimage\",\"inLanguage\":\"es\",\"url\":\"https:\/\/cannadaily.news\/wp-content\/uploads\/2021\/01\/image-H9-Macedonia-IH-2029-696x392-1.jpg\",\"contentUrl\":\"https:\/\/cannadaily.news\/wp-content\/uploads\/2021\/01\/image-H9-Macedonia-IH-2029-696x392-1.jpg\",\"width\":696,\"height\":392,\"caption\":\"the new Amsterdam\"},{\"@type\":\"WebPage\",\"@id\":\"http:\/\/cannadaily.news\/fr\/the-new-amsterdam-skopje-and-ohrid\/#webpage\",\"url\":\"http:\/\/cannadaily.news\/fr\/the-new-amsterdam-skopje-and-ohrid\/\",\"name\":\"The new Amsterdam: Skopje and Ohrid - CannaDaily\",\"isPartOf\":{\"@id\":\"http:\/\/cannadaily.news\/fr\/#website\"},\"primaryImageOfPage\":{\"@id\":\"http:\/\/cannadaily.news\/fr\/the-new-amsterdam-skopje-and-ohrid\/#primaryimage\"},\"datePublished\":\"2021-01-27T10:59:45+00:00\",\"dateModified\":\"2021-01-27T10:59:47+00:00\",\"author\":{\"@id\":\"http:\/\/cannadaily.news\/fr\/#\/schema\/person\/90face158a7bb11b777c090d0dba3fc7\"},\"description\":\"North Macedonia Prime Minister, Zoran Zev, has revealed his intentions to turn Skopje and Ohrid, into the new \\u201cAmsterdam of the Balkans\\u201d.\",\"breadcrumb\":{\"@id\":\"http:\/\/cannadaily.news\/fr\/the-new-amsterdam-skopje-and-ohrid\/#breadcrumb\"},\"inLanguage\":\"es\",\"potentialAction\":[{\"@type\":\"ReadAction\",\"target\":[\"http:\/\/cannadaily.news\/fr\/the-new-amsterdam-skopje-and-ohrid\/\"]}]},{\"@type\":\"BreadcrumbList\",\"@id\":\"http:\/\/cannadaily.news\/fr\/the-new-amsterdam-skopje-and-ohrid\/#breadcrumb\",\"itemListElement\":[{\"@type\":\"ListItem\",\"position\":1,\"name\":\"Home\",\"item\":\"http:\/\/cannadaily.news\/fr\/\"},{\"@type\":\"ListItem\",\"position\":2,\"name\":\"The new Amsterdam: Skopje and Ohrid\"}]},{\"@type\":\"Person\",\"@id\":\"http:\/\/cannadaily.news\/fr\/#\/schema\/person\/90face158a7bb11b777c090d0dba3fc7\",\"name\":\"Cannadaily Writer\",\"image\":{\"@type\":\"ImageObject\",\"@id\":\"http:\/\/cannadaily.news\/fr\/#personlogo\",\"inLanguage\":\"es\",\"url\":\"https:\/\/secure.gravatar.com\/avatar\/82417b32194849facfabd1aac61b5f2f?s=96&d=mm&r=g\",\"contentUrl\":\"https:\/\/secure.gravatar.com\/avatar\/82417b32194849facfabd1aac61b5f2f?s=96&d=mm&r=g\",\"caption\":\"Cannadaily Writer\"},\"sameAs\":[\"http:\/\/cannadaily.news\/\"],\"url\":\"https:\/\/cannadaily.news\/es\/author\/admin\/\"}]}<\/script>\n<!-- \/ Yoast SEO plugin. -->","yoast_head_json":{"title":"The new Amsterdam: Skopje and Ohrid - CannaDaily","description":"North Macedonia Prime Minister, Zoran Zev, has revealed his intentions to turn Skopje and Ohrid, into the new \u201cAmsterdam of the Balkans\u201d.","robots":{"index":"index","follow":"follow","max-snippet":"max-snippet:-1","max-image-preview":"max-image-preview:large","max-video-preview":"max-video-preview:-1"},"canonical":"http:\/\/cannadaily.news\/es\/the-new-amsterdam-skopje-and-ohrid\/","og_locale":"es_ES","og_type":"article","og_title":"The new Amsterdam: Skopje and Ohrid - CannaDaily","og_description":"North Macedonia Prime Minister, Zoran Zev, has revealed his intentions to turn Skopje and Ohrid, into the new \u201cAmsterdam of the Balkans\u201d.","og_url":"http:\/\/cannadaily.news\/es\/the-new-amsterdam-skopje-and-ohrid\/","og_site_name":"CannaDaily","article_published_time":"2021-01-27T10:59:45+00:00","article_modified_time":"2021-01-27T10:59:47+00:00","og_image":[{"width":696,"height":392,"url":"http:\/\/cannadaily.news\/wp-content\/uploads\/2021\/01\/image-H9-Macedonia-IH-2029-696x392-1.jpg","type":"image\/jpeg"}],"twitter_card":"summary_large_image","twitter_misc":{"Escrito por":"Cannadaily Writer","Tiempo de lectura":"3 minutos"},"schema":{"@context":"https:\/\/schema.org","@graph":[{"@type":"WebSite","@id":"http:\/\/cannadaily.news\/fr\/#website","url":"http:\/\/cannadaily.news\/fr\/","name":"CannaDaily","description":"&quot;All the News That Fit the High&quot;","potentialAction":[{"@type":"SearchAction","target":{"@type":"EntryPoint","urlTemplate":"http:\/\/cannadaily.news\/fr\/?s={search_term_string}"},"query-input":"required name=search_term_string"}],"inLanguage":"es"},{"@type":"ImageObject","@id":"http:\/\/cannadaily.news\/fr\/the-new-amsterdam-skopje-and-ohrid\/#primaryimage","inLanguage":"es","url":"https:\/\/cannadaily.news\/wp-content\/uploads\/2021\/01\/image-H9-Macedonia-IH-2029-696x392-1.jpg","contentUrl":"https:\/\/cannadaily.news\/wp-content\/uploads\/2021\/01\/image-H9-Macedonia-IH-2029-696x392-1.jpg","width":696,"height":392,"caption":"the new Amsterdam"},{"@type":"WebPage","@id":"http:\/\/cannadaily.news\/fr\/the-new-amsterdam-skopje-and-ohrid\/#webpage","url":"http:\/\/cannadaily.news\/fr\/the-new-amsterdam-skopje-and-ohrid\/","name":"The new Amsterdam: Skopje and Ohrid - CannaDaily","isPartOf":{"@id":"http:\/\/cannadaily.news\/fr\/#website"},"primaryImageOfPage":{"@id":"http:\/\/cannadaily.news\/fr\/the-new-amsterdam-skopje-and-ohrid\/#primaryimage"},"datePublished":"2021-01-27T10:59:45+00:00","dateModified":"2021-01-27T10:59:47+00:00","author":{"@id":"http:\/\/cannadaily.news\/fr\/#\/schema\/person\/90face158a7bb11b777c090d0dba3fc7"},"description":"North Macedonia Prime Minister, Zoran Zev, has revealed his intentions to turn Skopje and Ohrid, into the new \u201cAmsterdam of the Balkans\u201d.","breadcrumb":{"@id":"http:\/\/cannadaily.news\/fr\/the-new-amsterdam-skopje-and-ohrid\/#breadcrumb"},"inLanguage":"es","potentialAction":[{"@type":"ReadAction","target":["http:\/\/cannadaily.news\/fr\/the-new-amsterdam-skopje-and-ohrid\/"]}]},{"@type":"BreadcrumbList","@id":"http:\/\/cannadaily.news\/fr\/the-new-amsterdam-skopje-and-ohrid\/#breadcrumb","itemListElement":[{"@type":"ListItem","position":1,"name":"Home","item":"http:\/\/cannadaily.news\/fr\/"},{"@type":"ListItem","position":2,"name":"The new Amsterdam: Skopje and Ohrid"}]},{"@type":"Person","@id":"http:\/\/cannadaily.news\/fr\/#\/schema\/person\/90face158a7bb11b777c090d0dba3fc7","name":"Cannadaily Writer","image":{"@type":"ImageObject","@id":"http:\/\/cannadaily.news\/fr\/#personlogo","inLanguage":"es","url":"https:\/\/secure.gravatar.com\/avatar\/82417b32194849facfabd1aac61b5f2f?s=96&d=mm&r=g","contentUrl":"https:\/\/secure.gravatar.com\/avatar\/82417b32194849facfabd1aac61b5f2f?s=96&d=mm&r=g","caption":"Cannadaily Writer"},"sameAs":["http:\/\/cannadaily.news\/"],"url":"https:\/\/cannadaily.news\/es\/author\/admin\/"}]}},"_links":{"self":[{"href":"https:\/\/cannadaily.news\/es\/wp-json\/wp\/v2\/posts\/1448"}],"collection":[{"href":"https:\/\/cannadaily.news\/es\/wp-json\/wp\/v2\/posts"}],"about":[{"href":"https:\/\/cannadaily.news\/es\/wp-json\/wp\/v2\/types\/post"}],"author":[{"embeddable":true,"href":"https:\/\/cannadaily.news\/es\/wp-json\/wp\/v2\/users\/1"}],"replies":[{"embeddable":true,"href":"https:\/\/cannadaily.news\/es\/wp-json\/wp\/v2\/comments?post=1448"}],"version-history":[{"count":1,"href":"https:\/\/cannadaily.news\/es\/wp-json\/wp\/v2\/posts\/1448\/revisions"}],"predecessor-version":[{"id":1457,"href":"https:\/\/cannadaily.news\/es\/wp-json\/wp\/v2\/posts\/1448\/revisions\/1457"}],"wp:featuredmedia":[{"embeddable":true,"href":"https:\/\/cannadaily.news\/es\/wp-json\/wp\/v2\/media\/1450"}],"wp:attachment":[{"href":"https:\/\/cannadaily.news\/es\/wp-json\/wp\/v2\/media?parent=1448"}],"wp:term":[{"taxonomy":"category","embeddable":true,"href":"https:\/\/cannadaily.news\/es\/wp-json\/wp\/v2\/categories?post=1448"},{"taxonomy":"post_tag","embeddable":true,"href":"https:\/\/cannadaily.news\/es\/wp-json\/wp\/v2\/tags?post=1448"}],"curies":[{"name":"wp","href":"https:\/\/api.w.org\/{rel}","templated":true}]}}